{"id":149,"date":"2006-11-23T07:50:16","date_gmt":"2006-11-23T05:50:16","guid":{"rendered":"http:\/\/www.collet-matrat.com\/?p=149"},"modified":"2006-11-23T07:52:52","modified_gmt":"2006-11-23T05:52:52","slug":"2-petites-astuces-pour-firefox","status":"publish","type":"post","link":"https:\/\/www.collet-matrat.com\/?p=149","title":{"rendered":"2 petites astuces pour Firefox &#8230;"},"content":{"rendered":"<div style=\"text-align: center\"><img data-recalc-dims=\"1\" decoding=\"async\" id=\"image148\" alt=\"firefox-logo.png\" src=\"https:\/\/i0.wp.com\/www.collet-matrat.com\/wp-content\/uploads\/2006\/11\/firefox-logo.png?w=584\" \/><\/div>\n<ul>\n<li>Vous vous \u00eates peut-\u00eatre d\u00e9j\u00e0 demand\u00e9 s'il \u00e9tait possible d'avoir 2 lignes (ou plus) de bookmarks au-dessous de la barre d'outils (pour ma part je trouve cet acc\u00e8s des plus pratiques... mais j'avais tendance \u00e0 manquer de place sur une seule ligne !). Rien de plus simple :<\/li>\n<\/ul>\n<p>Il suffit d'ajouter les lignes suivantes dans le fichier \"<em>chrome\\userChrome.css<\/em>\" (n'h\u00e9sitez pas \u00e0 cr\u00e9er le fichier si ce dernier n'existe pas) de votre profil (sous Win 2000 et XP votre profil se trouve dans \"<em>C:\\Documents and Settings\\_nom de l'utilisateur_\\Application Data\\Mozilla\\Profiles\\_nom du profil_\\<\/em>\")<\/p>\n<blockquote>\n<pre>\/* Multi-row bookmarks toolbar *\/\r\n#bookmarks-ptf {display:block}\r\n#bookmarks-ptf toolbarseparator {display:inline}<\/pre>\n<\/blockquote>\n<div align=\"left\">\n<ul>\n<li>Vous avez ferm\u00e9 involontairement un onglet ? Pour l'ouvrir \u00e0 nouveau :<\/li>\n<\/ul>\n<blockquote><p>\"Shift\" + \"Ctrl\" + \"T\"<\/p><\/blockquote>\n<blockquote>\n<blockquote>\n<blockquote \/><\/blockquote>\n<\/blockquote>\n<\/div>\n","protected":false},"excerpt":{"rendered":"<p>Vous vous \u00eates peut-\u00eatre d\u00e9j\u00e0 demand\u00e9 s'il \u00e9tait possible d'avoir 2 lignes (ou plus) de bookmarks au-dessous de la barre d'outils (pour ma part je trouve cet acc\u00e8s des plus pratiques... mais j'avais tendance \u00e0 manquer de place sur une &hellip; <a href=\"https:\/\/www.collet-matrat.com\/?p=149\">Lire la suite <span class=\"meta-nav\">&rarr;<\/span><\/a><\/p>\n","protected":false},"author":1,"featured_media":0,"comment_status":"open","ping_status":"closed","sticky":false,"template":"","format":"standard","meta":{"jetpack_post_was_ever_published":false,"_jetpack_newsletter_access":"","_jetpack_dont_email_post_to_subs":false,"_jetpack_newsletter_tier_id":0,"_jetpack_memberships_contains_paywalled_content":false,"_jetpack_memberships_contains_paid_content":false,"footnotes":"","jetpack_publicize_message":"","jetpack_publicize_feature_enabled":true,"jetpack_social_post_already_shared":false,"jetpack_social_options":{"image_generator_settings":{"template":"highway","default_image_id":0,"font":"","enabled":false},"version":2}},"categories":[6],"tags":[],"class_list":["post-149","post","type-post","status-publish","format-standard","hentry","category-firefox"],"jetpack_publicize_connections":[],"jetpack_featured_media_url":"","jetpack_sharing_enabled":true,"jetpack_likes_enabled":true,"_links":{"self":[{"href":"https:\/\/www.collet-matrat.com\/index.php?rest_route=\/wp\/v2\/posts\/149","targetHints":{"allow":["GET"]}}],"collection":[{"href":"https:\/\/www.collet-matrat.com\/index.php?rest_route=\/wp\/v2\/posts"}],"about":[{"href":"https:\/\/www.collet-matrat.com\/index.php?rest_route=\/wp\/v2\/types\/post"}],"author":[{"embeddable":true,"href":"https:\/\/www.collet-matrat.com\/index.php?rest_route=\/wp\/v2\/users\/1"}],"replies":[{"embeddable":true,"href":"https:\/\/www.collet-matrat.com\/index.php?rest_route=%2Fwp%2Fv2%2Fcomments&post=149"}],"version-history":[{"count":0,"href":"https:\/\/www.collet-matrat.com\/index.php?rest_route=\/wp\/v2\/posts\/149\/revisions"}],"wp:attachment":[{"href":"https:\/\/www.collet-matrat.com\/index.php?rest_route=%2Fwp%2Fv2%2Fmedia&parent=149"}],"wp:term":[{"taxonomy":"category","embeddable":true,"href":"https:\/\/www.collet-matrat.com\/index.php?rest_route=%2Fwp%2Fv2%2Fcategories&post=149"},{"taxonomy":"post_tag","embeddable":true,"href":"https:\/\/www.collet-matrat.com\/index.php?rest_route=%2Fwp%2Fv2%2Ftags&post=149"}],"curies":[{"name":"wp","href":"https:\/\/api.w.org\/{rel}","templated":true}]}}