{"id":2268,"date":"2012-09-17T06:12:52","date_gmt":"2012-09-17T04:12:52","guid":{"rendered":"http:\/\/www.collet-matrat.com\/?p=2268"},"modified":"2012-09-17T06:12:52","modified_gmt":"2012-09-17T04:12:52","slug":"les-3-news-de-la-semaine-4","status":"publish","type":"post","link":"https:\/\/www.collet-matrat.com\/?p=2268","title":{"rendered":"Les 3 news de la semaine &#8230;"},"content":{"rendered":"<p style=\"text-align: justify;\"><a href=\"https:\/\/i0.wp.com\/www.collet-matrat.com\/wp-content\/uploads\/2007\/04\/bic.jpg\"><img data-recalc-dims=\"1\" loading=\"lazy\" decoding=\"async\" class=\"alignleft size-full wp-image-249\" title=\"bic.jpg\" src=\"https:\/\/i0.wp.com\/www.collet-matrat.com\/wp-content\/uploads\/2007\/04\/bic.jpg?resize=215%2C150\" alt=\"\" width=\"215\" height=\"150\" \/><\/a><strong>Le stock d'adresse IPV4 est (presque) \u00e9puis\u00e9<\/strong> : et oui, depuis le temps qu'on vous pr\u00e9vient, \u00e7a y est le stock d'IPv4 est presque \u00e9puis\u00e9. Et cette fois ci ce n'est plus \u00e0 objectif six mois ou un an ! Le RIPE-NCC (gestionnaire de l'attribution des IP pour la zone Europe) a annonc\u00e9 cette semaine que l'affectation du dernier \/8 (16 777 214 adresses) a d\u00e9but\u00e9 (<a href=\"http:\/\/www.ripe.net\/internet-coordination\/news\/ripe-ncc-begins-to-allocate-ipv4-address-space-from-the-last-8\" target=\"_blank\">l'annonce est disponible ICI<\/a>), et visiblement, \u00e0 la vitesse o\u00f9 vous les choses, l'affaire sera pli\u00e9e d'ici quelques semaines (environ 7 semaines selon un rapide calcul) ! Esp\u00e9rons que d\u00e9sormais les op\u00e9rateurs fran\u00e7ais vont prendre la mesure du probl\u00e8me et acc\u00e9l\u00e9rer un peu les choses en mati\u00e8re de d\u00e9ploiement de l'IPv6 (Orange en particulier qui semble avoir pris pas mal de retard en la mati\u00e8re pour le raccordement de ses abonn\u00e9s r\u00e9sidentiels ...). Une page, actualis\u00e9e quotidiennement par le RIPE, permet de consulter l'\u00e9volution du stock d'IPv4 encore disponible (<a href=\"http:\/\/www.ripe.net\/internet-coordination\/ipv4-exhaustion\/ipv4-available-pool-graph\" target=\"_blank\">ICI<\/a>)<\/p>\n<p style=\"text-align: justify;\"><strong>VDSL2 - Il va falloir \u00eatre patient ...<\/strong> Si vous pensiez augmenter rapidement le d\u00e9bit de votre connexion Internet en optant pour le VDSL2, vous allez \u00eatre d\u00e9\u00e7u. En effet, depuis quelques mois nous entendons parler des exp\u00e9rimentations men\u00e9es par les fournisseurs d'acc\u00e8s Fran\u00e7ais. On nous laissait entrevoir une mise en prod de cette nouvelle technologie pour la fin de l'ann\u00e9e, ou, au pire, d\u00e9but 2013. Et bien les amis, il va falloir attendre encore un peu : l'ARCEP vient d'annoncer qu'il n'y aura pas d'offre VDSL2 avant, au mieux, l\u2019automne 2013 ! En effet le r\u00e9gulateur souhaite attendre le r\u00e9sultat de tests techniques (afin de s'assurer que le VDSL ne perturbe pas les acc\u00e8s ADSL) et la proc\u00e9dure d'homologation par Orange prendra \u00e9galement un peu de temps ... Si vous souhaitez en savoir plus je vous encourage la lecture <a href=\"http:\/\/www.lafibreoptique.com\/debit\/15092012%2Cle-vdsl-2-ne-sera-pas-disponible-avant-l-automne-2013-%2C301.html\" target=\"_blank\">de ce billet<\/a> publi\u00e9 sur <a href=\"http:\/\/www.lafibreoptique.com\/\" target=\"_blank\">LaFibreOptique.com<\/a><\/p>\n<p style=\"text-align: justify;\"><strong>Fan de shopping \u00e0 l'\u00e9tranger ? Vous allez aimer \"<a href=\"www.swopera.com\" target=\"_blank\">Swopera<\/a>\" !<\/strong> Lors de votre dernier voyage \u00e0 l'\u00e9tranger vous avez d\u00e9couvert un produit r\u00e9ellement exceptionnel. Malheureusement il n'est pas possible de le commander en ligne. J'ai d\u00e9couvert cette semaine <a href=\"http:\/\/fr.swopera.com\/\" target=\"_blank\">Swopera<\/a> qui va peut \u00eatre vous venir en aide. Le concept est simple mais original : des voyageurs s\u2019inscrivent avant leur d\u00e9part et vous proposent de ramener dans leurs valises le fameux produit introuvable en France ! Le site int\u00e8gre un moteur de recherche g\u00e9ographique et assure la mise en relation. Il est \u00e9galement possible de d\u00e9poser une demande si aucune offre n'est disponible. Bref un petit site tout simple mais qui pr\u00e9sente une r\u00e9elle utilit\u00e9 (une fois que ce dernier sera plus connu car pour le moment les offres sont quand m\u00eame assez rares ...). Swopera c'est par <a href=\"www.swopera.com\" target=\"_blank\">ICI<\/a><\/p>\n","protected":false},"excerpt":{"rendered":"<p>Le stock d'adresse IPV4 est (presque) \u00e9puis\u00e9 : et oui, depuis le temps qu'on vous pr\u00e9vient, \u00e7a y est le stock d'IPv4 est presque \u00e9puis\u00e9. Et cette fois ci ce n'est plus \u00e0 objectif six mois ou un an ! &hellip; <a href=\"https:\/\/www.collet-matrat.com\/?p=2268\">Lire la suite <span class=\"meta-nav\">&rarr;<\/span><\/a><\/p>\n","protected":false},"author":1,"featured_media":0,"comment_status":"open","ping_status":"open","sticky":false,"template":"","format":"standard","meta":{"jetpack_post_was_ever_published":false,"_jetpack_newsletter_access":"","_jetpack_dont_email_post_to_subs":false,"_jetpack_newsletter_tier_id":0,"_jetpack_memberships_contains_paywalled_content":false,"_jetpack_memberships_contains_paid_content":false,"footnotes":"","jetpack_publicize_message":"","jetpack_publicize_feature_enabled":true,"jetpack_social_post_already_shared":false,"jetpack_social_options":{"image_generator_settings":{"template":"highway","default_image_id":0,"font":"","enabled":false},"version":2}},"categories":[119],"tags":[],"class_list":["post-2268","post","type-post","status-publish","format-standard","hentry","category-les-3-news-de-la-semaine"],"jetpack_publicize_connections":[],"jetpack_featured_media_url":"","jetpack_sharing_enabled":true,"jetpack_likes_enabled":true,"_links":{"self":[{"href":"https:\/\/www.collet-matrat.com\/index.php?rest_route=\/wp\/v2\/posts\/2268","targetHints":{"allow":["GET"]}}],"collection":[{"href":"https:\/\/www.collet-matrat.com\/index.php?rest_route=\/wp\/v2\/posts"}],"about":[{"href":"https:\/\/www.collet-matrat.com\/index.php?rest_route=\/wp\/v2\/types\/post"}],"author":[{"embeddable":true,"href":"https:\/\/www.collet-matrat.com\/index.php?rest_route=\/wp\/v2\/users\/1"}],"replies":[{"embeddable":true,"href":"https:\/\/www.collet-matrat.com\/index.php?rest_route=%2Fwp%2Fv2%2Fcomments&post=2268"}],"version-history":[{"count":6,"href":"https:\/\/www.collet-matrat.com\/index.php?rest_route=\/wp\/v2\/posts\/2268\/revisions"}],"predecessor-version":[{"id":2287,"href":"https:\/\/www.collet-matrat.com\/index.php?rest_route=\/wp\/v2\/posts\/2268\/revisions\/2287"}],"wp:attachment":[{"href":"https:\/\/www.collet-matrat.com\/index.php?rest_route=%2Fwp%2Fv2%2Fmedia&parent=2268"}],"wp:term":[{"taxonomy":"category","embeddable":true,"href":"https:\/\/www.collet-matrat.com\/index.php?rest_route=%2Fwp%2Fv2%2Fcategories&post=2268"},{"taxonomy":"post_tag","embeddable":true,"href":"https:\/\/www.collet-matrat.com\/index.php?rest_route=%2Fwp%2Fv2%2Ftags&post=2268"}],"curies":[{"name":"wp","href":"https:\/\/api.w.org\/{rel}","templated":true}]}}