{"id":228,"date":"2007-03-23T06:35:17","date_gmt":"2007-03-23T05:35:17","guid":{"rendered":"http:\/\/www.collet-matrat.com\/?p=228"},"modified":"2007-03-23T06:37:31","modified_gmt":"2007-03-23T05:37:31","slug":"monpatelinfr-les-infos-de-chez-vous","status":"publish","type":"post","link":"https:\/\/www.collet-matrat.com\/?p=228","title":{"rendered":"\u00ab\u00a0MonPatelin.fr\u00a0\u00bb : les infos de votre patelin ;-)"},"content":{"rendered":"<p><a href=\"http:\/\/www.collet-matrat.com\/wp-content\/uploads\/2007\/03\/monpatelin.png\" title=\"monpatelin.png\"><\/a><\/p>\n<p style=\"text-align: center\"><a href=\"http:\/\/www.monpatelin.fr\/\" target=\"_blank\" title=\"monpatelin.png\"><img data-recalc-dims=\"1\" decoding=\"async\" src=\"https:\/\/i0.wp.com\/www.collet-matrat.com\/wp-content\/uploads\/2007\/03\/monpatelin.png?w=584\" alt=\"monpatelin.png\" \/><\/a><\/p>\n<p align=\"justify\">J'ai re\u00e7u cette semaine un mail du Webmaster de \"<a href=\"http:\/\/www.monpatelin.fr\/\" target=\"_blank\"><em>MonPatelin.fr<\/em><\/a>\" auquel j'ai d\u00e9cid\u00e9 de filer un petit (et modeste) coup de pouce car je trouve son site bien r\u00e9alis\u00e9 (simple, rapide, sans fioritures inutile !) et l'id\u00e9e plut\u00f4t sympa!<\/p>\n<p align=\"justify\">En deux mots, le site vous propose de centraliser en un lieu unique toutes les informations concernants votre \"patelin\" : petites annonces, \u00e9v\u00e9nements ...<\/p>\n<p>Mais le mieux est encore  de laisser Jean-Jacques (le Webmaster) vous pr\u00e9senter son site :<\/p>\n<blockquote><p>... En ville ou \u00e0 la campagne, nous sommes entour\u00e9s de panneaux d'affichage et de petites annonces sur papier volant.<br \/>\nPour ne plus louper le bal du foot, la vente de la voiture bichonn\u00e9e de votre voisin, pour d\u00e9couvrir les sites qui concernent votre commune, les r\u00e9actions de vos voisin sur le nouvel am\u00e9nagement de votre route, rejoignez monpatelin.fr!<\/p>\n<p>Recherchez votre commune, consultez, ajoutez une annonce et restez \u00e0 l'\u00e9coute avec le flux RSS de votre patelin...<\/p><\/blockquote>\n<p align=\"justify\">A signaler \u00e9galement que l'ensemble fonctionne visiblement sous <em>WordPress<\/em> ! Jean-Jacques si tu prouvais nous en dire un peu plus sur les aspects techniques du fonctionnement de \"MonPatelin.fr\" (adaptations effectu\u00e9es sous WordPress ...) \u00e7a pourrait \u00eatre sympa !<\/p>\n","protected":false},"excerpt":{"rendered":"<p>J'ai re\u00e7u cette semaine un mail du Webmaster de \"MonPatelin.fr\" auquel j'ai d\u00e9cid\u00e9 de filer un petit (et modeste) coup de pouce car je trouve son site bien r\u00e9alis\u00e9 (simple, rapide, sans fioritures inutile !) et l'id\u00e9e plut\u00f4t sympa! En &hellip; <a href=\"https:\/\/www.collet-matrat.com\/?p=228\">Lire la suite <span class=\"meta-nav\">&rarr;<\/span><\/a><\/p>\n","protected":false},"author":1,"featured_media":0,"comment_status":"open","ping_status":"open","sticky":false,"template":"","format":"standard","meta":{"jetpack_post_was_ever_published":false,"_jetpack_newsletter_access":"","_jetpack_dont_email_post_to_subs":false,"_jetpack_newsletter_tier_id":0,"_jetpack_memberships_contains_paywalled_content":false,"_jetpack_memberships_contains_paid_content":false,"footnotes":"","jetpack_publicize_message":"","jetpack_publicize_feature_enabled":true,"jetpack_social_post_already_shared":false,"jetpack_social_options":{"image_generator_settings":{"template":"highway","default_image_id":0,"font":"","enabled":false},"version":2}},"categories":[8,101],"tags":[],"class_list":["post-228","post","type-post","status-publish","format-standard","hentry","category-general","category-wordpress"],"jetpack_publicize_connections":[],"jetpack_featured_media_url":"","jetpack_sharing_enabled":true,"jetpack_likes_enabled":true,"_links":{"self":[{"href":"https:\/\/www.collet-matrat.com\/index.php?rest_route=\/wp\/v2\/posts\/228","targetHints":{"allow":["GET"]}}],"collection":[{"href":"https:\/\/www.collet-matrat.com\/index.php?rest_route=\/wp\/v2\/posts"}],"about":[{"href":"https:\/\/www.collet-matrat.com\/index.php?rest_route=\/wp\/v2\/types\/post"}],"author":[{"embeddable":true,"href":"https:\/\/www.collet-matrat.com\/index.php?rest_route=\/wp\/v2\/users\/1"}],"replies":[{"embeddable":true,"href":"https:\/\/www.collet-matrat.com\/index.php?rest_route=%2Fwp%2Fv2%2Fcomments&post=228"}],"version-history":[{"count":0,"href":"https:\/\/www.collet-matrat.com\/index.php?rest_route=\/wp\/v2\/posts\/228\/revisions"}],"wp:attachment":[{"href":"https:\/\/www.collet-matrat.com\/index.php?rest_route=%2Fwp%2Fv2%2Fmedia&parent=228"}],"wp:term":[{"taxonomy":"category","embeddable":true,"href":"https:\/\/www.collet-matrat.com\/index.php?rest_route=%2Fwp%2Fv2%2Fcategories&post=228"},{"taxonomy":"post_tag","embeddable":true,"href":"https:\/\/www.collet-matrat.com\/index.php?rest_route=%2Fwp%2Fv2%2Ftags&post=228"}],"curies":[{"name":"wp","href":"https:\/\/api.w.org\/{rel}","templated":true}]}}