{"id":319,"date":"2007-11-22T06:31:23","date_gmt":"2007-11-22T05:31:23","guid":{"rendered":"http:\/\/www.collet-matrat.com\/?p=319"},"modified":"2007-11-22T06:46:14","modified_gmt":"2007-11-22T05:46:14","slug":"firefox-3-beta-1-disponible","status":"publish","type":"post","link":"https:\/\/www.collet-matrat.com\/?p=319","title":{"rendered":"\u00ab\u00a0Firefox 3 Beta 1\u00a0\u00bb disponible"},"content":{"rendered":"<p style=\"text-align: center\"><img data-recalc-dims=\"1\" decoding=\"async\" src=\"https:\/\/i0.wp.com\/www.collet-matrat.com\/wp-content\/uploads\/2006\/11\/firefox-logo.png?w=584\" alt=\"firefox-logo.png\" \/><\/p>\n<p align=\"justify\">On l'attendait depuis pas mal de temps... Initialement annonc\u00e9e pour le mois de juillet,  la premi\u00e8re version \"beta\" de <em>Firefox 3<\/em> est d\u00e9sormais disponible \ud83d\ude42  J'ai d\u00e9j\u00e0 t\u00e9l\u00e9charg\u00e9 une version \"pre-beta\" il y a environ une semaine ou deux et objectivement je n'ai pas remarqu\u00e9 grand chose de r\u00e9volutionnaire dans cette nouvelle version ...<\/p>\n<ul>\n<li>Pour ceux qui veulent tester, vous pouvez t\u00e9l\u00e9charger <a href=\"http:\/\/www.mozilla.com\/en-US\/firefox\/all-beta.html\" target=\"_blank\">ICI<\/a><\/li>\n<\/ul>\n<ul>\n<li>Pour ceux qui veulent tout simplement en savoir plus c'est <a href=\"http:\/\/www.mozilla.com\/en-US\/firefox\/3.0b1\/releasenotes\/\" target=\"_blank\">ICI<\/a><\/li>\n<\/ul>\n","protected":false},"excerpt":{"rendered":"<p>On l'attendait depuis pas mal de temps... Initialement annonc\u00e9e pour le mois de juillet, la premi\u00e8re version \"beta\" de Firefox 3 est d\u00e9sormais disponible \ud83d\ude42 J'ai d\u00e9j\u00e0 t\u00e9l\u00e9charg\u00e9 une version \"pre-beta\" il y a environ une semaine ou deux et &hellip; <a href=\"https:\/\/www.collet-matrat.com\/?p=319\">Lire la suite <span class=\"meta-nav\">&rarr;<\/span><\/a><\/p>\n","protected":false},"author":1,"featured_media":0,"comment_status":"open","ping_status":"open","sticky":false,"template":"","format":"standard","meta":{"jetpack_post_was_ever_published":false,"_jetpack_newsletter_access":"","_jetpack_dont_email_post_to_subs":false,"_jetpack_newsletter_tier_id":0,"_jetpack_memberships_contains_paywalled_content":false,"_jetpack_memberships_contains_paid_content":false,"footnotes":"","jetpack_publicize_message":"","jetpack_publicize_feature_enabled":true,"jetpack_social_post_already_shared":false,"jetpack_social_options":{"image_generator_settings":{"template":"highway","default_image_id":0,"font":"","enabled":false},"version":2}},"categories":[6],"tags":[],"class_list":["post-319","post","type-post","status-publish","format-standard","hentry","category-firefox"],"jetpack_publicize_connections":[],"jetpack_featured_media_url":"","jetpack_sharing_enabled":true,"jetpack_likes_enabled":true,"_links":{"self":[{"href":"https:\/\/www.collet-matrat.com\/index.php?rest_route=\/wp\/v2\/posts\/319","targetHints":{"allow":["GET"]}}],"collection":[{"href":"https:\/\/www.collet-matrat.com\/index.php?rest_route=\/wp\/v2\/posts"}],"about":[{"href":"https:\/\/www.collet-matrat.com\/index.php?rest_route=\/wp\/v2\/types\/post"}],"author":[{"embeddable":true,"href":"https:\/\/www.collet-matrat.com\/index.php?rest_route=\/wp\/v2\/users\/1"}],"replies":[{"embeddable":true,"href":"https:\/\/www.collet-matrat.com\/index.php?rest_route=%2Fwp%2Fv2%2Fcomments&post=319"}],"version-history":[{"count":0,"href":"https:\/\/www.collet-matrat.com\/index.php?rest_route=\/wp\/v2\/posts\/319\/revisions"}],"wp:attachment":[{"href":"https:\/\/www.collet-matrat.com\/index.php?rest_route=%2Fwp%2Fv2%2Fmedia&parent=319"}],"wp:term":[{"taxonomy":"category","embeddable":true,"href":"https:\/\/www.collet-matrat.com\/index.php?rest_route=%2Fwp%2Fv2%2Fcategories&post=319"},{"taxonomy":"post_tag","embeddable":true,"href":"https:\/\/www.collet-matrat.com\/index.php?rest_route=%2Fwp%2Fv2%2Ftags&post=319"}],"curies":[{"name":"wp","href":"https:\/\/api.w.org\/{rel}","templated":true}]}}